{"id":3713,"date":"2020-05-10T15:42:55","date_gmt":"2020-05-10T15:42:55","guid":{"rendered":"https:\/\/termalfurdok.com\/de\/?p=3713"},"modified":"2020-05-24T18:50:28","modified_gmt":"2020-05-24T18:50:28","slug":"lisabon-in-portugal-in-februar","status":"publish","type":"post","link":"https:\/\/termalfurdok.com\/de\/lisabon-in-portugal-in-februar\/","title":{"rendered":"Lisabon in Portugal in Februar"},"content":{"rendered":"<p style=\"text-align: justify;\">Unser Reisef\u00fchrer sagte, dass Lissabon die Hauptlast der atlantischen Depressionen tr\u00e4gt, wird an der Westk\u00fcste des Landes durch den Atlantik und die M\u00fcndung des Tejo gelegen. Das Buch weist ausdr\u00fccklich darauf hin, dass hohe Niederschl\u00e4ge im Dezember und Januar ist und wird leichter im Februar.Die Stadt hat diesen regen m\u00fcssen, wie es noch einige um im M\u00e4rz und es gibt nicht viel, bis sp\u00e4ter in diesem Jahr neben ein paar Gewitter und Regenschauer.<!--more--><\/p>\n<p style=\"text-align: justify;\">Wir kamen am Donnerstag Morgen. Es regnete, als wir am Flughafen Portela gelandet . Wir hatten dies als \u00dcberpr\u00fcfung Wettervorhersagen im Fernsehen und im Internet, das f\u00fcr Donnerstag und Freitag vorhergesagt wurde erwartet. Zu dem Zeitpunkt hatte unser Taxi setzte uns an unserem sehr klug Boutique-Hotel im Rua das Janelas (in der N\u00e4he des Flusses Tejo und neben der Botschaft von Luxemburg). Es war Austrocknen. Der Reisef\u00fchrer riet Kauf eines Prepaid-Taxi-Gutschein am Informationsschalter am Flughafen, da einige Taxis sind ber\u00fcchtigt f\u00fcr \u00dcberladung<\/p>\n<p><img loading=\"lazy\" decoding=\"async\" class=\"aligncenter size-full wp-image-3715\" src=\"https:\/\/termalfurdok.com\/de\/wp-content\/uploads\/2020\/05\/Lisabon-in-Portugal-in-Februar.jpg\" alt=\"Lisabon in Portugal in Februar\" width=\"800\" height=\"267\" srcset=\"https:\/\/termalfurdok.com\/de\/wp-content\/uploads\/2020\/05\/Lisabon-in-Portugal-in-Februar.jpg 800w, https:\/\/termalfurdok.com\/de\/wp-content\/uploads\/2020\/05\/Lisabon-in-Portugal-in-Februar-300x100.jpg 300w, https:\/\/termalfurdok.com\/de\/wp-content\/uploads\/2020\/05\/Lisabon-in-Portugal-in-Februar-768x256.jpg 768w\" sizes=\"auto, (max-width: 800px) 100vw, 800px\" \/><\/p>\n<p style=\"text-align: justify;\">Sicherheitsgurte:. Unser Taxifahrer war sehr effizient und schien die einzige in Lissabon, einen Sicherheitsgurt zu tragen sein! Es scheint, dass Taxifahrer, die Polizei, Notarzt und Rettungskr\u00e4fte m\u00fcssen nicht. Dies erscheint absolut unglaublich, wie Lissabon hat eine der h\u00f6chsten europ\u00e4ischen Verkehrssystem Unfallraten. Laut Statistik in einem Monat im Jahr 2000 gab es 3.500 Unf\u00e4lle mit103 Todesf\u00e4lle. Die Rettungskr\u00e4fte bringen Sie ins Krankenhaus nicht selbst sch\u00fctzen. Ich sah zwei TV-Reportagen gibt es zwar mit schlechten Verkehrsunf\u00e4lle. Es muss ein sehr schlechtes Beispiel an die Fahrer, dass Taxifahrer und Polizisten tragen keine Gurte zu sein. Sie retten Leben, aber in vielen L\u00e4ndern, darunter Belgien die Polizei nicht \u201cG\u00fcrtel up\u201d. In Irland sind die Taxifahrer verwendet werden, um ohne zus\u00e4tzlichen Schutz zu fahren, wurden die Regeln ge\u00e4ndert worden. Sie finden oft nicht einen Fahrer ohne Gurt unterwegs \u2013 sie w\u00fcrden wahrscheinlich verlieren ihre Taxi-Lizenz<\/p>\n<p style=\"text-align: justify;\">Den Nachmittag verbrachte erforschte Teil der Stadt, wobei ein 25 Minuten zu Fu\u00df, anstatt eine schnelle Fahrt auf der. Carris \u201cKeine 60\u2033 Bus in das Zentrum f\u00fcr den Abend.<\/p>\n<p style=\"text-align: justify;\">Das Verkehrssystem ist hervorragend, wir nur die Stra\u00dfenbahnen, Busse und Z\u00fcge, nicht die U-Bahn, aber das System verwendet ist sehr effizient, sehr g\u00fcnstig und Sie m\u00fcssen nicht um die richtige Geld zu geben \u2013 sie geben das Wechselgeld. Es gibt moderne doppelte L\u00e4nge Stra\u00dfenbahnen, aber wegen der engen Gassen und steilen H\u00e4ngen die alten Stra\u00dfenbahnen fantastischen kleinen, zu betrachten und sehr komfortabel sind im Inneren mit viel poliertem Holz und Fenstern.<\/p>\n<p><img loading=\"lazy\" decoding=\"async\" class=\"aligncenter size-full wp-image-3716\" src=\"https:\/\/termalfurdok.com\/de\/wp-content\/uploads\/2020\/05\/Lisabon-in-Portugal-in-Februar2.jpg\" alt=\"Lisabon in Portugal in Februar\" width=\"800\" height=\"400\" srcset=\"https:\/\/termalfurdok.com\/de\/wp-content\/uploads\/2020\/05\/Lisabon-in-Portugal-in-Februar2.jpg 800w, https:\/\/termalfurdok.com\/de\/wp-content\/uploads\/2020\/05\/Lisabon-in-Portugal-in-Februar2-300x150.jpg 300w, https:\/\/termalfurdok.com\/de\/wp-content\/uploads\/2020\/05\/Lisabon-in-Portugal-in-Februar2-768x384.jpg 768w\" sizes=\"auto, (max-width: 800px) 100vw, 800px\" \/><\/p>\n<p style=\"text-align: justify;\">Die regen sich f\u00fcr die gehaltenen Abend und unser Hotel war sehr freundlich mit einem Dekanter von Port neben dem Bett, die regelm\u00e4\u00dfig w\u00e4hrend des Aufenthalts wurde gekr\u00f6nt. Sie hatten nicht eine Bar, aber zwei Self-Service-Bars und einfach in ein Formular ausgef\u00fcllt, wenn Sie einen Drink hatte. Es gab viel Tee, Kaffee und Kuchen und Kekse, wann immer Sie diese.<\/p>\n<p style=\"text-align: justify;\">wollte Freitag wurde prognostiziert, dass der nasse, auch wenn strahlendem Sonnenschein durch die Fenster in der Fr\u00fch schien. Das wurde bald weg und es wurde dunkler. Nach einer Weile wird es wieder heller der regen weg bekam, so dass wir zogen hinaus in die Mitte unter einer dieser Jahrgang \u201dKeine 28\u2033 Stra\u00dfenbahnen auf eine interessante Fahrt auf und ab engen Gassen in Richtung Castelde S\u00e3o Jorge , obwohl Stra\u00dfenbahnen nicht so weit gehen, und wir hatten eine Menge Klettern zu tun. Es gibt jedoch einen Bus, der Sie es wenn Sie bevorzugen.<\/p>\n<p><img loading=\"lazy\" decoding=\"async\" class=\"aligncenter size-full wp-image-3717\" src=\"https:\/\/termalfurdok.com\/de\/wp-content\/uploads\/2020\/05\/Lisabon-in-Portugal-in-Februar3.jpg\" alt=\"Lisabon in Portugal in Februar\" width=\"816\" height=\"460\" srcset=\"https:\/\/termalfurdok.com\/de\/wp-content\/uploads\/2020\/05\/Lisabon-in-Portugal-in-Februar3.jpg 816w, https:\/\/termalfurdok.com\/de\/wp-content\/uploads\/2020\/05\/Lisabon-in-Portugal-in-Februar3-300x169.jpg 300w, https:\/\/termalfurdok.com\/de\/wp-content\/uploads\/2020\/05\/Lisabon-in-Portugal-in-Februar3-768x433.jpg 768w\" sizes=\"auto, (max-width: 816px) 100vw, 816px\" \/><\/p>\n<p style=\"text-align: justify;\">Es gibt einen herrlichen Blick von dort und wir waren in der Lage zu \u201csehen die Stadt\u201d weiter unten in zwischen den Duschen.<\/p>\n<p style=\"text-align: justify;\">Das Wetter verschlechterte sich im Laufe des Nachmittags und das Hotel war ein h\u00f6chst willkommenen R\u00fcckzugsort. Die regen setzte ein und aus (meist auf) f\u00fcr die meiste Zeit des Abends und die Suche nach irgendwo zu beweisen etwas schwierig zu essen. Wir fanden ein Fischrestaurant, das war ok, aber sobald Sie sich eine Verschnaufpause nahm, indem Sie Ihre Messer und Gabel nieder, fast verloren<\/p>\n<p style=\"text-align: justify;\">Restaurants in Lissabon: In Meiner Meinung nach die Auswahl an Restaurants in Lissabon ist nicht gut. F\u00fcr eine Stadt mit einer Bev\u00f6lkerung von \u00fcber 536.000 (und in gr\u00f6\u00dferer Lissabon 1836000) die Auswahl war schlecht. Im Gegensatz zu Dublin, Br\u00fcssel und anderen gro\u00dfen St\u00e4dten Restaurants schwer zu finden und es gibt nicht zu viele Bars. Ich freute mich, wir waren nicht die l\u00e4nger als vier N\u00e4chte als es schwierig war, geeignete Pl\u00e4tze zu finden, besonders an einem Sonntag Abend, wenn viele Restaurants geschlossen waren. Als wir nach einem Restaurant suchen in unserem Reisef\u00fchrer (das geschlossen war) hatten wir jedoch finden eine sehr Charakter-Bar in der Rua D.Perdro V. Diese Einrichtung namens Pavilh\u00e3o Chin\u00eas Bar ist ein ehemaliger 19. Jahrhundert Tee-und Kaffee-Shop ist ein wirklich skurrilen Bar mit einer unglaublichen Anzeige der Spielzeugsoldaten, Stra\u00dfenbahnen, Z\u00fcge und \u201cNick Schnack\u201d mit elegant gekleideten Kellnern gibt es mehrere Zimmer, darunter eine mit ein paar Billardtische in ihnen.<\/p>\n<p style=\"text-align: justify;\">Die Bar serviert alkoholfreie und alkoholische Getr\u00e4nke und leichte Snacks. W\u00e4re es n\u00e4her unser Hotel und nicht an der Spitze eines steilen H\u00fcgels Stra\u00dfe gewesen, h\u00e4tten wir wieder zur\u00fcck sind. Gewesen<\/p>\n<p style=\"text-align: justify;\">Am Samstag das Wetter so genau prognostiziert wurde fr\u00fcher in der Woche, kam die Sonne raus und die blauen Himmel. Dies bedeutete, dass wir mit dem Bus fahren Sie zu Bel\u00e9m durch den Fluss Tejo. Die Padrao dos Descobrimentos (Denkmal der Entdeckungen) ist einen Besuch wert f\u00fcr die Ansichten nach der Einnahme der Lift nach oben. Es wurde im Gedenken an die Helden der Geschichte der Seefahrt Portugals gebaut. Sie erhalten auch einen herrlichen Blick auf den Torre de Bel\u00e9m . Nach einem Spaziergang entlang der Bereich, der ein paar Yachth\u00e4fen hat (es fehlt jedoch an Pl\u00e4tzen f\u00fcr Menschen, sich hinzusetzen und die Aussicht genie\u00dfen), es sei Zeit f\u00fcr einen gem\u00fctlichen Drink und ein leichtes Mittagessen in einem Restaurant, das aus wei\u00dfem RSJ Tr\u00e4gern und Glas gebaut wurde. Es war ein Vergn\u00fcgen, um die Sonne den ganzen Tag sehen und dann zur\u00fcck ins Hotel und genie\u00dfen Sie den Blick aus der \u201cBibliothek\u201d auf der obersten Etage mit einem ger\u00e4umigen Balkon mit Blick auf den Hafen und die Unverfallbarkeit von P &amp; O Kreuzfahrtschiff entfernt.<\/p>\n<p style=\"text-align: justify;\">Sonntag war nicht ganz so sonnig, aber es regnete nicht. Das bedeutete, es war eine ideale Gelegenheit, um die 30 Minuten Bahnfahrt bis zur Atlantikk\u00fcste zu nehmen. Wieder einmal gro\u00dfen Wert EUR3.30 eine M\u00f6glichkeit f\u00fcr zwei Personen! Es war ein Volkslauf endet am Cascais als wir ankamen und es war toll zu Fu\u00df rund um den Yachthafen, am Strand und entlang der K\u00fcste in Richtung EstorilHeimat des Grand Prix von Portugal. den Wellen des Atlantiks sind sicherlich sehr m\u00e4chtig an diesem K\u00fcstenabschnitt und wenn Sie nicht vorsichtig sind, um leicht eingeweicht werden. Es war toll, so viele Menschen genie\u00dfen den Sonntag Luft zu sehen.<\/p>\n<p style=\"text-align: justify;\">Montag war Heimkehr Tag wurde es wieder zu regnen. Nun, es war sicherlich nicht genau hei\u00dft es im Reisef\u00fchrer \u2013 Regen im Februar, jedoch wurde die Temperatur als auch als vorhergesagt einem angenehmen 15 Grad<\/p>\n","protected":false},"excerpt":{"rendered":"<p>Unser Reisef\u00fchrer sagte, dass Lissabon die Hauptlast der atlantischen Depressionen tr\u00e4gt, wird an der Westk\u00fcste des Landes durch den Atlantik[&#8230;]<\/p>\n","protected":false},"author":1,"featured_media":3714,"comment_status":"closed","ping_status":"open","sticky":false,"template":"","format":"standard","meta":{"footnotes":""},"categories":[448,455],"tags":[478,479],"class_list":["post-3713","post","type-post","status-publish","format-standard","has-post-thumbnail","hentry","category-magazin","category-weltreise","tag-lisabon","tag-portugal"],"_links":{"self":[{"href":"https:\/\/termalfurdok.com\/de\/wp-json\/wp\/v2\/posts\/3713","targetHints":{"allow":["GET"]}}],"collection":[{"href":"https:\/\/termalfurdok.com\/de\/wp-json\/wp\/v2\/posts"}],"about":[{"href":"https:\/\/termalfurdok.com\/de\/wp-json\/wp\/v2\/types\/post"}],"author":[{"embeddable":true,"href":"https:\/\/termalfurdok.com\/de\/wp-json\/wp\/v2\/users\/1"}],"replies":[{"embeddable":true,"href":"https:\/\/termalfurdok.com\/de\/wp-json\/wp\/v2\/comments?post=3713"}],"version-history":[{"count":1,"href":"https:\/\/termalfurdok.com\/de\/wp-json\/wp\/v2\/posts\/3713\/revisions"}],"predecessor-version":[{"id":3718,"href":"https:\/\/termalfurdok.com\/de\/wp-json\/wp\/v2\/posts\/3713\/revisions\/3718"}],"wp:featuredmedia":[{"embeddable":true,"href":"https:\/\/termalfurdok.com\/de\/wp-json\/wp\/v2\/media\/3714"}],"wp:attachment":[{"href":"https:\/\/termalfurdok.com\/de\/wp-json\/wp\/v2\/media?parent=3713"}],"wp:term":[{"taxonomy":"category","embeddable":true,"href":"https:\/\/termalfurdok.com\/de\/wp-json\/wp\/v2\/categories?post=3713"},{"taxonomy":"post_tag","embeddable":true,"href":"https:\/\/termalfurdok.com\/de\/wp-json\/wp\/v2\/tags?post=3713"}],"curies":[{"name":"wp","href":"https:\/\/api.w.org\/{rel}","templated":true}]}}